{"id":1908,"date":"2025-02-27T09:52:59","date_gmt":"2025-02-27T08:52:59","guid":{"rendered":"https:\/\/www.averda.hr\/?p=1908"},"modified":"2025-06-10T12:35:50","modified_gmt":"2025-06-10T10:35:50","slug":"1908-2","status":"publish","type":"post","link":"https:\/\/www.averda.hr\/en\/1908-2\/","title":{"rendered":"Regional Museum of Pore\u010d"},"content":{"rendered":"<p><br><\/p>\n\n\n\n<p><br>Production and printing of a rigid box, including the lid, bottom, and memory cards. The project involved developing a custom layout, selecting the type of cardboard, offset printing, cutting, folding, and gluing.<br><\/p>","protected":false},"excerpt":{"rendered":"<p>Production and printing of a rigid box, including the lid, bottom, and memory cards. The project involved developing a custom layout, selecting the type of cardboard, offset printing, cutting, folding, and gluing.<\/p>","protected":false},"author":1,"featured_media":1911,"comment_status":"open","ping_status":"open","sticky":false,"template":"","format":"standard","meta":{"slim_seo":{"description":"Izrada i tisak tvrdo ka\u0161irane kutije uklju\u010duju\u0107i poklopac, dno kutije te memori kartica.","title":"Zavi\u010dajni muzej Pore\u0161tine - Averda"},"footnotes":""},"categories":[10],"tags":[],"class_list":["post-1908","post","type-post","status-publish","format-standard","has-post-thumbnail","hentry","category-projekti"],"_links":{"self":[{"href":"https:\/\/www.averda.hr\/en\/wp-json\/wp\/v2\/posts\/1908","targetHints":{"allow":["GET"]}}],"collection":[{"href":"https:\/\/www.averda.hr\/en\/wp-json\/wp\/v2\/posts"}],"about":[{"href":"https:\/\/www.averda.hr\/en\/wp-json\/wp\/v2\/types\/post"}],"author":[{"embeddable":true,"href":"https:\/\/www.averda.hr\/en\/wp-json\/wp\/v2\/users\/1"}],"replies":[{"embeddable":true,"href":"https:\/\/www.averda.hr\/en\/wp-json\/wp\/v2\/comments?post=1908"}],"version-history":[{"count":3,"href":"https:\/\/www.averda.hr\/en\/wp-json\/wp\/v2\/posts\/1908\/revisions"}],"predecessor-version":[{"id":2201,"href":"https:\/\/www.averda.hr\/en\/wp-json\/wp\/v2\/posts\/1908\/revisions\/2201"}],"wp:featuredmedia":[{"embeddable":true,"href":"https:\/\/www.averda.hr\/en\/wp-json\/wp\/v2\/media\/1911"}],"wp:attachment":[{"href":"https:\/\/www.averda.hr\/en\/wp-json\/wp\/v2\/media?parent=1908"}],"wp:term":[{"taxonomy":"category","embeddable":true,"href":"https:\/\/www.averda.hr\/en\/wp-json\/wp\/v2\/categories?post=1908"},{"taxonomy":"post_tag","embeddable":true,"href":"https:\/\/www.averda.hr\/en\/wp-json\/wp\/v2\/tags?post=1908"}],"curies":[{"name":"wp","href":"https:\/\/api.w.org\/{rel}","templated":true}]}}